{"id":4895,"date":"2016-09-23T18:34:57","date_gmt":"2016-09-23T17:34:57","guid":{"rendered":"http:\/\/wolkenbank-galerie.de\/?p=4895"},"modified":"2017-01-11T12:49:59","modified_gmt":"2017-01-11T11:49:59","slug":"4895","status":"publish","type":"post","link":"http:\/\/wolkenbank-galerie.de\/?p=4895","title":{"rendered":"Kunst Heute 2016"},"content":{"rendered":"<p style=\"margin-bottom: 0cm;\" align=\"LEFT\"><span style=\"color: #000000;\"><span style=\"font-family: Times New Roman,serif;\"><span style=\"font-size: medium;\"><b>Juliane Laitzsch<br \/>\nMarc W1353L<br \/>\nTanja Zimmermann<br \/>\n<\/b><\/span><span style=\"font-size: xx-small;\"><span style=\"color: #0077be;\">+ im Kabinett<br \/>\n<\/span><\/span><span style=\"font-size: medium;\"><b>Maria Raeuber<\/b><\/span><\/span><\/span><\/p>\n<p style=\"margin-bottom: 0cm;\" align=\"LEFT\"><span style=\"color: #0077be;\"><span style=\"font-family: Times New Roman,serif;\"><span style=\"font-size: medium;\">Zeitgen\u00f6ssische Positionen Bildender Kunst aus Mecklenburg-Vorpommern<\/span><\/span><\/span><\/p>\n<p style=\"margin-bottom: 0cm;\" align=\"LEFT\"><span style=\"color: #000000;\"><span style=\"font-family: Times New Roman,serif;\"><span style=\"font-size: medium;\">Lange Stra\u00dfe 26, 18055 Rostock<br \/>\n30. September bis 08. Oktober 2016<br \/>\nt\u00e4glich ge\u00f6ffnet 14.00 bis 19.00 Uhr, au\u00dfer sonntags<\/span><\/span><\/span><\/p>\n<p style=\"margin-bottom: 0cm;\" align=\"LEFT\"><span style=\"color: #0077be;\"><span style=\"font-family: Times New Roman,serif;\"><span style=\"font-size: xx-small;\">Ausstellung im Rahmen der Aktion KUNST HEUTE 2016 \u2013 Tage der zeitgen\u00f6ssischen Kunst in Mecklenburg-Vorpommern. <\/span><\/span><span style=\"font-size: xx-small;\"><span style=\"font-family: Times New Roman,serif;\">Weitere Informationen:<a title=\"KUNST HEUTE M-V 2016\" href=\"http:\/\/www.kunstheute-mv.de\/\" target=\"_blank\"> www.kunstheute-mv.de <\/a><\/span><\/span><\/span><\/p>\n<p style=\"margin-bottom: 0cm;\" align=\"LEFT\"><a href=\"http:\/\/wolkenbank-galerie.de\/wp-content\/uploads\/2016\/09\/Juliane_LAITZSCH1.jpg\"><img decoding=\"async\" loading=\"lazy\" class=\"alignleft size-full wp-image-4897\" src=\"http:\/\/wolkenbank-galerie.de\/wp-content\/uploads\/2016\/09\/Juliane_LAITZSCH1.jpg\" alt=\"Juliane_LAITZSCH\" width=\"500\" height=\"386\" srcset=\"http:\/\/wolkenbank-galerie.de\/wp-content\/uploads\/2016\/09\/Juliane_LAITZSCH1.jpg 500w, http:\/\/wolkenbank-galerie.de\/wp-content\/uploads\/2016\/09\/Juliane_LAITZSCH1-300x231.jpg 300w\" sizes=\"(max-width: 500px) 100vw, 500px\" \/><\/a><\/p>\n<p style=\"margin-bottom: 0cm;\" align=\"LEFT\"><span style=\"color: #000000;\"><span style=\"font-family: Times New Roman,serif;\"><span style=\"font-size: xx-small;\">Juliane Laitzsch, L\u00f6cher in der Zeit (R\u00fcckseite 06) Gouache auf Papier, 50x65cm, 2016<\/span><\/span><\/span><\/p>\n","protected":false},"excerpt":{"rendered":"<p>Juliane Laitzsch Marc W1353L Tanja Zimmermann + im Kabinett Maria Raeuber Zeitgen\u00f6ssische Positionen Bildender Kunst aus Mecklenburg-Vorpommern Lange Stra\u00dfe 26, 18055 Rostock 30. September bis 08. Oktober 2016 t\u00e4glich ge\u00f6ffnet 14.00 bis 19.00 Uhr, au\u00dfer sonntags Ausstellung im Rahmen der Aktion KUNST HEUTE 2016 \u2013 Tage der zeitgen\u00f6ssischen Kunst in Mecklenburg-Vorpommern. Weitere Informationen: www.kunstheute-mv.de Juliane [&hellip;]<\/p>\n","protected":false},"author":3,"featured_media":0,"comment_status":"closed","ping_status":"closed","sticky":false,"template":"","format":"standard","meta":{"ngg_post_thumbnail":0},"categories":[1],"tags":[],"_links":{"self":[{"href":"http:\/\/wolkenbank-galerie.de\/index.php?rest_route=\/wp\/v2\/posts\/4895"}],"collection":[{"href":"http:\/\/wolkenbank-galerie.de\/index.php?rest_route=\/wp\/v2\/posts"}],"about":[{"href":"http:\/\/wolkenbank-galerie.de\/index.php?rest_route=\/wp\/v2\/types\/post"}],"author":[{"embeddable":true,"href":"http:\/\/wolkenbank-galerie.de\/index.php?rest_route=\/wp\/v2\/users\/3"}],"replies":[{"embeddable":true,"href":"http:\/\/wolkenbank-galerie.de\/index.php?rest_route=%2Fwp%2Fv2%2Fcomments&post=4895"}],"version-history":[{"count":6,"href":"http:\/\/wolkenbank-galerie.de\/index.php?rest_route=\/wp\/v2\/posts\/4895\/revisions"}],"predecessor-version":[{"id":4905,"href":"http:\/\/wolkenbank-galerie.de\/index.php?rest_route=\/wp\/v2\/posts\/4895\/revisions\/4905"}],"wp:attachment":[{"href":"http:\/\/wolkenbank-galerie.de\/index.php?rest_route=%2Fwp%2Fv2%2Fmedia&parent=4895"}],"wp:term":[{"taxonomy":"category","embeddable":true,"href":"http:\/\/wolkenbank-galerie.de\/index.php?rest_route=%2Fwp%2Fv2%2Fcategories&post=4895"},{"taxonomy":"post_tag","embeddable":true,"href":"http:\/\/wolkenbank-galerie.de\/index.php?rest_route=%2Fwp%2Fv2%2Ftags&post=4895"}],"curies":[{"name":"wp","href":"https:\/\/api.w.org\/{rel}","templated":true}]}}